{"id":27,"count":1,"description":"","link":"https:\/\/liceolutherking.com.co\/index.php\/category\/dia-de-las-matematicas-y-tecnologia\/","name":"D\u00eda de las matem\u00e1ticas y tecnolog\u00eda","slug":"dia-de-las-matematicas-y-tecnologia","taxonomy":"category","parent":0,"meta":[],"_links":{"self":[{"href":"https:\/\/liceolutherking.com.co\/index.php\/wp-json\/wp\/v2\/categories\/27"}],"collection":[{"href":"https:\/\/liceolutherking.com.co\/index.php\/wp-json\/wp\/v2\/categories"}],"about":[{"href":"https:\/\/liceolutherking.com.co\/index.php\/wp-json\/wp\/v2\/taxonomies\/category"}],"wp:post_type":[{"href":"https:\/\/liceolutherking.com.co\/index.php\/wp-json\/wp\/v2\/posts?categories=27"}],"curies":[{"name":"wp","href":"https:\/\/api.w.org\/{rel}","templated":true}]}}